{"id":4877,"date":"2026-01-08T14:16:01","date_gmt":"2026-01-08T13:16:01","guid":{"rendered":"https:\/\/ba.be\/non-categorise\/luniversite-de-gand-merite-mieux\/"},"modified":"2026-01-30T13:26:26","modified_gmt":"2026-01-30T12:26:26","slug":"luniversite-de-gand-merite-mieux","status":"publish","type":"post","link":"https:\/\/ba.be\/fr\/3-le-truand\/luniversite-de-gand-merite-mieux\/","title":{"rendered":"L\u2019universit\u00e9 de Gand m\u00e9rite mieux\u2026"},"content":{"rendered":"\t\t<div data-elementor-type=\"wp-post\" data-elementor-id=\"4877\" class=\"elementor elementor-4877 elementor-4719\" data-elementor-post-type=\"post\">\n\t\t\t\t<div class=\"elementor-element elementor-element-c015dbb e-flex e-con-boxed e-con e-parent\" data-id=\"c015dbb\" data-element_type=\"container\" data-e-type=\"container\">\n\t\t\t\t\t<div class=\"e-con-inner\">\n\t\t\t\t<div class=\"elementor-element elementor-element-2d52c4e elementor-widget elementor-widget-text-editor\" data-id=\"2d52c4e\" data-element_type=\"widget\" data-e-type=\"widget\" data-widget_type=\"text-editor.default\">\n\t\t\t\t<div class=\"elementor-widget-container\">\n\t\t\t\t\t\t\t\t\t<p>Il semble tentant de faire r\u00e9diger du contenu rapidement par une IA avec le hashtag #llm, mais au final, vous \u00eates RESPONSABLE de ce que vous \u00e9crivez, que ce soit pertinent ou non. Et nous ne le faisons pas assez. <\/p><p>Utilisez l&rsquo;IA principalement pour am\u00e9liorer votre r\u00e9flexion et votre \u00e9criture, mais V\u00c9RIFIEZ ce qu&rsquo;elle produit. \u00c0 tout le moins, lisez-le avec un regard critique, demandez \u00e0 votre IA d&rsquo;o\u00f9 viennent ses sources et v\u00e9rifiez ces derni\u00e8res. <\/p><p>Faites-le absolument si vous \u00eates une figure de proue du monde universitaire \u00e0 cette p\u00e9riode de l&rsquo;ann\u00e9e o\u00f9 tous les regards sont tourn\u00e9s vers vous. Au moins, donnez le bon exemple \u00e0 ce moment-l\u00e0. <\/p><p>Je crains que cette gaffe stupide ne hante Petra De Sutter pendant longtemps&#8230;<\/p><p><a href=\"https:\/\/www.vrt.be\/vrtnws\/nl\/2026\/01\/08\/rector-ugent-petra-de-sutter-artificiele-intelligentie-hallucina\/\" target=\"_blank\" rel=\"noopener\">lien vers l&rsquo;article<\/a><br><a href=\"https:\/\/www.linkedin.com\/posts\/janguldentops_ugent-rector-de-sutter-neemt-eredoctoraat-activity-7415003539308978176-VFz_\/\" target=\"_blank\" rel=\"noopener\">publication originale sur LinkedIn<\/a><\/p>\t\t\t\t\t\t\t\t<\/div>\n\t\t\t\t<\/div>\n\t\t\t\t\t<\/div>\n\t\t\t\t<\/div>\n\t\t\t\t<\/div>\n\t\t","protected":false},"excerpt":{"rendered":"<p>Il semble tentant de faire r\u00e9diger du contenu rapidement par une IA avec le hashtag #llm, mais au final, vous \u00eates RESPONSABLE de ce que vous \u00e9crivez, que ce soit [&hellip;]<\/p>\n","protected":false},"author":1,"featured_media":4827,"comment_status":"closed","ping_status":"open","sticky":false,"template":"","format":"standard","meta":{"footnotes":""},"categories":[107],"tags":[],"class_list":["post-4877","post","type-post","status-publish","format-standard","has-post-thumbnail","hentry","category-3-le-truand"],"_links":{"self":[{"href":"https:\/\/ba.be\/fr\/wp-json\/wp\/v2\/posts\/4877","targetHints":{"allow":["GET"]}}],"collection":[{"href":"https:\/\/ba.be\/fr\/wp-json\/wp\/v2\/posts"}],"about":[{"href":"https:\/\/ba.be\/fr\/wp-json\/wp\/v2\/types\/post"}],"author":[{"embeddable":true,"href":"https:\/\/ba.be\/fr\/wp-json\/wp\/v2\/users\/1"}],"replies":[{"embeddable":true,"href":"https:\/\/ba.be\/fr\/wp-json\/wp\/v2\/comments?post=4877"}],"version-history":[{"count":1,"href":"https:\/\/ba.be\/fr\/wp-json\/wp\/v2\/posts\/4877\/revisions"}],"predecessor-version":[{"id":4878,"href":"https:\/\/ba.be\/fr\/wp-json\/wp\/v2\/posts\/4877\/revisions\/4878"}],"wp:featuredmedia":[{"embeddable":true,"href":"https:\/\/ba.be\/fr\/wp-json\/wp\/v2\/media\/4827"}],"wp:attachment":[{"href":"https:\/\/ba.be\/fr\/wp-json\/wp\/v2\/media?parent=4877"}],"wp:term":[{"taxonomy":"category","embeddable":true,"href":"https:\/\/ba.be\/fr\/wp-json\/wp\/v2\/categories?post=4877"},{"taxonomy":"post_tag","embeddable":true,"href":"https:\/\/ba.be\/fr\/wp-json\/wp\/v2\/tags?post=4877"}],"curies":[{"name":"wp","href":"https:\/\/api.w.org\/{rel}","templated":true}]}}